{"id":59,"global_id":"www.kammerorchester-accento.at?id=59","global_id_lineage":["www.kammerorchester-accento.at?id=59"],"author":"1","status":"publish","date":"2024-04-17 16:16:13","date_utc":"2024-04-17 14:16:13","modified":"2024-04-17 16:34:05","modified_utc":"2024-04-17 14:34:05","url":"https:\/\/www.kammerorchester-accento.at\/?tribe_events=stabat-mater-von-rossini","rest_url":"https:\/\/www.kammerorchester-accento.at\/index.php?rest_route=\/tribe\/events\/v1\/events\/59","title":"&#8222;Stabat Mater&#8220; von Rossini","description":"","excerpt":"","slug":"stabat-mater-von-rossini","image":{"url":"https:\/\/www.kammerorchester-accento.at\/wp-content\/uploads\/2024\/04\/Stabat-Mater-2024.jpg","id":60,"extension":"jpg","width":864,"height":1152,"filesize":132011,"sizes":{"medium":{"width":225,"height":300,"mime-type":"image\/jpeg","filesize":16297,"url":"https:\/\/www.kammerorchester-accento.at\/wp-content\/uploads\/2024\/04\/Stabat-Mater-2024-225x300.jpg"},"large":{"width":768,"height":1024,"mime-type":"image\/jpeg","filesize":110152,"url":"https:\/\/www.kammerorchester-accento.at\/wp-content\/uploads\/2024\/04\/Stabat-Mater-2024-768x1024.jpg"},"thumbnail":{"width":150,"height":150,"mime-type":"image\/jpeg","filesize":6241,"url":"https:\/\/www.kammerorchester-accento.at\/wp-content\/uploads\/2024\/04\/Stabat-Mater-2024-150x150.jpg"},"medium_large":{"width":768,"height":1024,"mime-type":"image\/jpeg","filesize":110152,"url":"https:\/\/www.kammerorchester-accento.at\/wp-content\/uploads\/2024\/04\/Stabat-Mater-2024-768x1024.jpg"}}},"all_day":false,"start_date":"2024-04-20 19:00:00","start_date_details":{"year":"2024","month":"04","day":"20","hour":"19","minutes":"00","seconds":"00"},"end_date":"2024-04-20 19:00:00","end_date_details":{"year":"2024","month":"04","day":"20","hour":"19","minutes":"00","seconds":"00"},"utc_start_date":"2024-04-20 17:00:00","utc_start_date_details":{"year":"2024","month":"04","day":"20","hour":"17","minutes":"00","seconds":"00"},"utc_end_date":"2024-04-20 17:00:00","utc_end_date_details":{"year":"2024","month":"04","day":"20","hour":"17","minutes":"00","seconds":"00"},"timezone":"Europe\/Vienna","timezone_abbr":"CEST","cost":"","cost_details":{"currency_symbol":"","currency_code":"","currency_position":"prefix","values":[]},"website":"","show_map":true,"show_map_link":true,"hide_from_listings":false,"sticky":false,"featured":false,"categories":[{"name":"Konzert","slug":"konzert","term_group":0,"term_taxonomy_id":8,"taxonomy":"tribe_events_cat","description":"","parent":0,"count":11,"filter":"raw","id":8,"urls":{"self":"https:\/\/www.kammerorchester-accento.at\/index.php?rest_route=\/tribe\/events\/v1\/categories\/8","collection":"https:\/\/www.kammerorchester-accento.at\/index.php?rest_route=\/tribe\/events\/v1\/categories"}}],"tags":[],"venue":{"id":61,"author":"1","status":"publish","date":"2024-04-17 16:16:13","date_utc":"2024-04-17 14:16:13","modified":"2024-04-17 16:18:57","modified_utc":"2024-04-17 14:18:57","url":"https:\/\/www.kammerorchester-accento.at\/?tribe_venue=pfarrkriche-st-lorenzen-i-muerztal","venue":"Pfarrkriche St. Lorenzen i. M\u00fcrztal","description":"<p><img loading=\"lazy\" decoding=\"async\" class=\"alignnone size-large wp-image-60\" src=\"http:\/\/www.kammerorchester-accento.eu\/wp-content\/uploads\/2024\/04\/Stabat-Mater-2024-768x1024.jpg\" alt=\"\" width=\"768\" height=\"1024\" srcset=\"https:\/\/www.kammerorchester-accento.at\/wp-content\/uploads\/2024\/04\/Stabat-Mater-2024-768x1024.jpg 768w, https:\/\/www.kammerorchester-accento.at\/wp-content\/uploads\/2024\/04\/Stabat-Mater-2024-225x300.jpg 225w, https:\/\/www.kammerorchester-accento.at\/wp-content\/uploads\/2024\/04\/Stabat-Mater-2024.jpg 864w\" sizes=\"auto, (max-width: 768px) 100vw, 768px\" \/><\/p>","slug":"pfarrkriche-st-lorenzen-i-muerztal","image":{"url":"https:\/\/www.kammerorchester-accento.at\/wp-content\/uploads\/2024\/04\/Stabat-Mater-2024.jpg","id":60,"extension":"jpg","width":864,"height":1152,"filesize":132011,"sizes":{"medium":{"width":225,"height":300,"mime-type":"image\/jpeg","filesize":16297,"url":"https:\/\/www.kammerorchester-accento.at\/wp-content\/uploads\/2024\/04\/Stabat-Mater-2024-225x300.jpg"},"large":{"width":768,"height":1024,"mime-type":"image\/jpeg","filesize":110152,"url":"https:\/\/www.kammerorchester-accento.at\/wp-content\/uploads\/2024\/04\/Stabat-Mater-2024-768x1024.jpg"},"thumbnail":{"width":150,"height":150,"mime-type":"image\/jpeg","filesize":6241,"url":"https:\/\/www.kammerorchester-accento.at\/wp-content\/uploads\/2024\/04\/Stabat-Mater-2024-150x150.jpg"},"medium_large":{"width":768,"height":1024,"mime-type":"image\/jpeg","filesize":110152,"url":"https:\/\/www.kammerorchester-accento.at\/wp-content\/uploads\/2024\/04\/Stabat-Mater-2024-768x1024.jpg"}}},"address":"Haupstra\u00dfe 3a,","city":"St. Lorenzen im M\u00fcrztal","country":"\u00d6sterreich","zip":"8642","json_ld":{"@type":"Place","name":"Pfarrkriche St. Lorenzen i. M\u00fcrztal","description":"","image":"https:\/\/www.kammerorchester-accento.at\/wp-content\/uploads\/2024\/04\/Stabat-Mater-2024.jpg","url":"","address":{"@type":"PostalAddress","streetAddress":"Haupstra\u00dfe 3a,","addressLocality":"St. Lorenzen im M\u00fcrztal","postalCode":"8642","addressCountry":"\u00d6sterreich"},"telephone":"","sameAs":""},"show_map":true,"show_map_link":true,"global_id":"www.kammerorchester-accento.at?id=61","global_id_lineage":["www.kammerorchester-accento.at?id=61"]},"organizer":[{"id":62,"author":"1","status":"publish","date":"2024-04-17 16:16:14","date_utc":"2024-04-17 14:16:14","modified":"2024-04-17 16:16:14","modified_utc":"2024-04-17 14:16:14","url":"https:\/\/www.kammerorchester-accento.at\/?tribe_organizer=gesangsverein-st-marein-freunde","organizer":"Gesangsverein St. Marein &#038; Freunde","slug":"gesangsverein-st-marein-freunde","json_ld":{"@type":"Person","name":"Gesangsverein St. Marein &#038; Freunde","description":"","url":"","telephone":"","email":"","sameAs":""},"global_id":"www.kammerorchester-accento.at?id=62","global_id_lineage":["www.kammerorchester-accento.at?id=62"]}],"custom_fields":[],"json_ld":{"@context":"http:\/\/schema.org","@type":"Event","name":"&#8222;Stabat Mater&#8220; von Rossini","description":"","image":"https:\/\/www.kammerorchester-accento.at\/wp-content\/uploads\/2024\/04\/Stabat-Mater-2024.jpg","url":"https:\/\/www.kammerorchester-accento.at\/?tribe_events=stabat-mater-von-rossini","eventAttendanceMode":"https:\/\/schema.org\/OfflineEventAttendanceMode","eventStatus":"https:\/\/schema.org\/EventScheduled","startDate":"2024-04-20T19:00:00+02:00","endDate":"2024-04-20T19:00:00+02:00","location":{"@type":"Place","name":"Pfarrkriche St. Lorenzen i. M\u00fcrztal","description":"","image":"https:\/\/www.kammerorchester-accento.at\/wp-content\/uploads\/2024\/04\/Stabat-Mater-2024.jpg","url":"","address":{"@type":"PostalAddress","streetAddress":"Haupstra\u00dfe 3a,","addressLocality":"St. Lorenzen im M\u00fcrztal","postalCode":"8642","addressCountry":"\u00d6sterreich"},"telephone":"","sameAs":""},"organizer":{"@type":"Person","name":"Gesangsverein St. Marein &#038; Freunde","description":"","url":"","telephone":"","email":"","sameAs":""},"performer":"Organization"}}